{"id":71,"date":"2018-11-16T09:25:22","date_gmt":"2018-11-16T09:25:22","guid":{"rendered":"http:\/\/161.67.214.10\/wordpress\/?p=71"},"modified":"2019-05-27T08:40:34","modified_gmt":"2019-05-27T08:40:34","slug":"ingenium-estuvo-presente-en-el-foro-soy-digital","status":"publish","type":"post","link":"https:\/\/ingenium.uclm.es\/index.php\/2018\/11\/16\/ingenium-estuvo-presente-en-el-foro-soy-digital\/","title":{"rendered":"Ingenium estuvo presente en el Foro Soy Digital"},"content":{"rendered":"\t\t<div data-elementor-type=\"wp-post\" data-elementor-id=\"71\" class=\"elementor elementor-71\">\n\t\t\t\t\t\t<section class=\"elementor-section elementor-top-section elementor-element elementor-element-347924cd elementor-section-boxed elementor-section-height-default elementor-section-height-default\" data-id=\"347924cd\" data-element_type=\"section\" data-e-type=\"section\">\n\t\t\t\t\t\t<div class=\"elementor-container elementor-column-gap-default\">\n\t\t\t\t\t<div class=\"elementor-column elementor-col-100 elementor-top-column elementor-element elementor-element-1f502b63\" data-id=\"1f502b63\" data-element_type=\"column\" data-e-type=\"column\">\n\t\t\t<div class=\"elementor-widget-wrap elementor-element-populated\">\n\t\t\t\t\t\t<div class=\"elementor-element elementor-element-2f3d2495 elementor-widget elementor-widget-text-editor\" data-id=\"2f3d2495\" data-element_type=\"widget\" data-e-type=\"widget\" data-widget_type=\"text-editor.default\">\n\t\t\t\t<div class=\"elementor-widget-container\">\n\t\t\t\t\t\t\t\t\t<p>La consejera de Econom\u00eda, Empleo y Empresas inaugur\u00f3 el primer foro #SoyDigital, cuyo objetivo es tender puertas entre las empresas y el talento digital para ganar en competitividad y no perder el tren de los nuevos modelos de econom\u00eda<\/p><p>La transformaci\u00f3n digital est\u00e1 abriendo las puertas a nuevos productos, servicios y modelos de negocio con nuevos procesos productivos y competitivos, reconfigurando, como consecuencia las necesidades de empleo y cualificaciones profesionales.<\/p><p>Asimismo, utilizando con \u00e9xito las nuevas reglas y herramientas del panorama digital, se abre un amplio abanico de oportunidades para que las empresas puedan posicionarse a nivel internacional.<\/p><p>Sin embargo, el desarrollo de la digitalizaci\u00f3n requiere el que todos los agentes involucrados sean m\u00e1s proactivos para liderar el cambio y, sobre todo, la administraci\u00f3n, que debe jugar un papel de impulsor, regulador y equilibrados del desarrollo del proceso.<\/p><p>La Comisi\u00f3n Europea estima que en 2020 en Europa puede haber una demanda de perfiles digitales sin cubrir en torno a 750.000 puestos (80.000 en Espa\u00f1a)<\/p><p>Con el objetivo de tender puentes entre empresas y el talento digital surge el foro #SoyDigital, que Ciudad Real acoge en su primera edici\u00f3n. Como ha explicado la consejera de Econom\u00eda, Empleo y Empresas, Patricia Franco, \u201clos modelos econom\u00eda est\u00e1n cambiando y no podemos perder el tren\u201d.<\/p><p>Por este motivo en este foro el Gobierno regional se marca el reto de anticiparse a los nuevos modelos y establecer puentes entre el talento m\u00e1s digital, con seno en la universidad, y las empresas, apostando por la digitalizaci\u00f3n y las perspectivas que abre esta econom\u00eda digital. Para ello aboga por la incorporaci\u00f3n del personal cualificado que haga que las empresas sean m\u00e1s competitivas.<\/p><p>\u201cEl Gobierno regional cree que el ser m\u00e1s competitivos tambi\u00e9n pasa por la incorporaci\u00f3n de las tecnolog\u00edas y el talento y ese el objetivo que nos marcamos\u201d, explic\u00f3 Franco, que anunci\u00f3 que este foro tambi\u00e9n servir\u00e1 para dar el pistoletazo de salida a la Estrategia de Digitalizaci\u00f3n empresarial de Castilla-La Mancha para que la regi\u00f3n gane en competitividad y mejore su econom\u00eda.<\/p><p>Sin embargo, apunt\u00f3 la consejera que desde el inicio de legislatura se han dado pasos en esa direcci\u00f3n, como en el Plan Adelante con 9,3 millones de euros de inversi\u00f3n en materia de innovaci\u00f3n de empresas, un 47% m\u00e1s de lo que invirti\u00f3 el anterior Ejecutivo en innovaci\u00f3n.<\/p><p>En este sentido avanz\u00f3 que en diciembre comenzar\u00e1n nuevos programas como Digitalizaci\u00f3n Adelante, que contar\u00e1 con 1,3 millones destinados a competencias digitales en el \u00e1mbito empresarial. Igualmente el programa SoyDigital va a ser el embri\u00f3n de esa Estrategia de Digitalizaci\u00f3n y prestar\u00e1 un asesoramiento especializado a las peque\u00f1as empresas en esta materia, facilitando a su vez la incorporaci\u00f3n del talento digital.<\/p><p>\u201cAhora estamos preparados para abordar la nueva econom\u00eda digital, hoy en este foro toma forma ese inicio de una nueva andadura que tiene que ir por el futuro de los mercados globales\u201d, concluy\u00f3 Franco.<\/p><p>Por su parte el presidente de la Diputaci\u00f3n, Jos\u00e9 Manuel Caballero, coment\u00f3 que en este foro, m\u00e1s que a participar, acud\u00eda para escuchar. \u201cPara aprender y entender la nueva realidad y, en mi caso, entender por d\u00f3nde van los avances que afectan a los ayuntamientos, a las corporaciones locales y a los municipios como espacios de vida\u201d<\/p><p>En este sentido consider\u00f3 inteligente que las grandes innovaciones y la inteligencia se pongan al servicio del territorio, como por ejemplo los drones dedicados a la agricultura o a la lucha contra incendios\u2026 \u201cMe parece interesante usar el conocimiento de la UCLM y de nuestros j\u00f3venes para generar econom\u00eda, dinamismo y empleo en torno a realidad socioecon\u00f3mica de nuestra provincia y regi\u00f3n\u201d, manifest\u00f3 Caballero.<\/p><p>Al respecto inform\u00f3 de que la Diputaci\u00f3n colabora con los ayuntamientos para su incorporaci\u00f3n al mundo digital y las \u00faltimas acciones en esta \u00e1rea son el desarrollo de 500 puntos de inclusi\u00f3n digital para cubrir toda la provincia, con una licitaci\u00f3n de 1,8 millones de euros. \u201cTenemos asumido que esto no es el futuro, es el presente, y el que no sea capaz de sumarse se quedar\u00e1 completamente descolgado\u201d, sentenci\u00f3 Caballero.<\/p><p>Por su parte la alcaldesa de Ciudad Real, Pilar Zamora, agradeci\u00f3 la apuesta del Gobierno regional por Ciudad Real y recomend\u00f3 la ciudad, por su universidad y talento, como un lugar id\u00f3neo en el que invertir.<\/p><p>\u00a0<\/p><p>\u00a0<\/p>\t\t\t\t\t\t\t\t<\/div>\n\t\t\t\t<\/div>\n\t\t\t\t\t<\/div>\n\t\t<\/div>\n\t\t\t\t\t<\/div>\n\t\t<\/section>\n\t\t\t\t<section class=\"elementor-section elementor-top-section elementor-element elementor-element-613b353 elementor-section-boxed elementor-section-height-default elementor-section-height-default\" data-id=\"613b353\" data-element_type=\"section\" data-e-type=\"section\">\n\t\t\t\t\t\t<div class=\"elementor-container elementor-column-gap-default\">\n\t\t\t\t\t<div class=\"elementor-column elementor-col-100 elementor-top-column elementor-element elementor-element-a1a5903\" data-id=\"a1a5903\" data-element_type=\"column\" data-e-type=\"column\">\n\t\t\t<div class=\"elementor-widget-wrap elementor-element-populated\">\n\t\t\t\t\t\t<div class=\"elementor-element elementor-element-7c4b537 elementor-widget elementor-widget-image\" data-id=\"7c4b537\" data-element_type=\"widget\" data-e-type=\"widget\" data-widget_type=\"image.default\">\n\t\t\t\t<div class=\"elementor-widget-container\">\n\t\t\t\t\t\t\t\t\t\t\t\t\t\t\t<img fetchpriority=\"high\" decoding=\"async\" width=\"1024\" height=\"768\" src=\"https:\/\/ingenium.uclm.es\/wp-content\/uploads\/2018\/11\/soy-digital-2-1024x768.jpg\" class=\"attachment-large size-large wp-image-1246\" alt=\"\" srcset=\"https:\/\/ingenium.uclm.es\/wp-content\/uploads\/2018\/11\/soy-digital-2-1024x768.jpg 1024w, https:\/\/ingenium.uclm.es\/wp-content\/uploads\/2018\/11\/soy-digital-2-300x225.jpg 300w, https:\/\/ingenium.uclm.es\/wp-content\/uploads\/2018\/11\/soy-digital-2-768x576.jpg 768w, https:\/\/ingenium.uclm.es\/wp-content\/uploads\/2018\/11\/soy-digital-2-160x120.jpg 160w, https:\/\/ingenium.uclm.es\/wp-content\/uploads\/2018\/11\/soy-digital-2.jpg 2048w\" sizes=\"(max-width: 1024px) 100vw, 1024px\" \/>\t\t\t\t\t\t\t\t\t\t\t\t\t\t\t<\/div>\n\t\t\t\t<\/div>\n\t\t\t\t\t<\/div>\n\t\t<\/div>\n\t\t\t\t\t<\/div>\n\t\t<\/section>\n\t\t\t\t<section class=\"elementor-section elementor-top-section elementor-element elementor-element-2d3fd58 elementor-section-boxed elementor-section-height-default elementor-section-height-default\" data-id=\"2d3fd58\" data-element_type=\"section\" data-e-type=\"section\">\n\t\t\t\t\t\t<div class=\"elementor-container elementor-column-gap-default\">\n\t\t\t\t\t<div class=\"elementor-column elementor-col-100 elementor-top-column elementor-element elementor-element-2884eb5\" data-id=\"2884eb5\" data-element_type=\"column\" data-e-type=\"column\">\n\t\t\t<div class=\"elementor-widget-wrap elementor-element-populated\">\n\t\t\t\t\t\t<div class=\"elementor-element elementor-element-0ebd3e1 elementor-widget elementor-widget-text-editor\" data-id=\"0ebd3e1\" data-element_type=\"widget\" data-e-type=\"widget\" data-widget_type=\"text-editor.default\">\n\t\t\t\t<div class=\"elementor-widget-container\">\n\t\t\t\t\t\t\t\t\t<p><strong>Referencias<\/strong><\/p><p><a href=\"https:\/\/www.lanzadigital.com\/general\/patricia-franco-estamos-preparados-para-abordar-la-nueva-economia-digital\/\">https:\/\/www.lanzadigital.com\/general\/patricia-franco-estamos-preparados-para-abordar-la-nueva-economia-digital\/<\/a><\/p><p><u><a href=\"https:\/\/www.google.com\/url?q=http:\/\/www.castillalamancha.es\/actualidad\/galeriaimagenes\/la-consejera-de-econom%25C3%25AD-empresas-y-empleo-inuagura-el-foro-soy-digital&amp;sa=D&amp;source=hangouts&amp;ust=1541235477016000&amp;usg=AFQjCNEaWFBRP5hBkJJ45Hxh-pCL2IJFFA\">http:\/\/www.castillalamancha.es\/actualidad\/galeriaimagenes\/la-consejera-de-econom%C3%AD-empresas-y-empleo-inuagura-el-foro-soy-digital<\/a><\/u><\/p><p><u><a href=\"https:\/\/www.google.com\/url?q=http:\/\/www.valderec.es\/2018\/11\/01\/i-foro-soydigital-en-ciudad-real\/&amp;sa=D&amp;source=hangouts&amp;ust=1541235477016000&amp;usg=AFQjCNFUgZrES81nk9IGalyyCboluY9Nog\">http:\/\/www.valderec.es\/2018\/11\/01\/i-foro-soydigital-en-ciudad-real\/<\/a><\/u><\/p><p><u><a href=\"https:\/\/www.google.com\/url?q=http:\/\/cadenaser.com\/emisora\/2018\/10\/31\/ser_ciudad_real\/1540985891_541204.html&amp;sa=D&amp;source=hangouts&amp;ust=1541235477015000&amp;usg=AFQjCNH4kYoH0XDih8Atx_Rnk96QPwb-Rw\">http:\/\/cadenaser.com\/emisora\/2018\/10\/31\/ser_ciudad_real\/1540985891_541204.html<\/a><\/u><\/p>\t\t\t\t\t\t\t\t<\/div>\n\t\t\t\t<\/div>\n\t\t\t\t\t<\/div>\n\t\t<\/div>\n\t\t\t\t\t<\/div>\n\t\t<\/section>\n\t\t\t\t<\/div>\n\t\t","protected":false},"excerpt":{"rendered":"<p>La consejera de Econom\u00eda, Empleo y Empresas inaugur\u00f3 el primer foro #SoyDigital, cuyo objetivo es tender puertas entre las empresas y el talento digital para ganar en competitividad y no perder el tren de los nuevos modelos de econom\u00eda La transformaci\u00f3n digital est\u00e1 abriendo las puertas a nuevos productos, servicios y modelos de negocio con&hellip;<\/p>\n","protected":false},"author":1,"featured_media":1243,"comment_status":"open","ping_status":"open","sticky":false,"template":"","format":"standard","meta":{"footnotes":""},"categories":[44,2],"tags":[4,45,101,47,12],"class_list":["post-71","post","type-post","status-publish","format-standard","has-post-thumbnail","hentry","category-air-ingenium","category-news","tag-soydigital","tag-airingenium","tag-digital","tag-dron","tag-ingenium"],"_links":{"self":[{"href":"https:\/\/ingenium.uclm.es\/index.php\/wp-json\/wp\/v2\/posts\/71","targetHints":{"allow":["GET"]}}],"collection":[{"href":"https:\/\/ingenium.uclm.es\/index.php\/wp-json\/wp\/v2\/posts"}],"about":[{"href":"https:\/\/ingenium.uclm.es\/index.php\/wp-json\/wp\/v2\/types\/post"}],"author":[{"embeddable":true,"href":"https:\/\/ingenium.uclm.es\/index.php\/wp-json\/wp\/v2\/users\/1"}],"replies":[{"embeddable":true,"href":"https:\/\/ingenium.uclm.es\/index.php\/wp-json\/wp\/v2\/comments?post=71"}],"version-history":[{"count":5,"href":"https:\/\/ingenium.uclm.es\/index.php\/wp-json\/wp\/v2\/posts\/71\/revisions"}],"predecessor-version":[{"id":1258,"href":"https:\/\/ingenium.uclm.es\/index.php\/wp-json\/wp\/v2\/posts\/71\/revisions\/1258"}],"wp:featuredmedia":[{"embeddable":true,"href":"https:\/\/ingenium.uclm.es\/index.php\/wp-json\/wp\/v2\/media\/1243"}],"wp:attachment":[{"href":"https:\/\/ingenium.uclm.es\/index.php\/wp-json\/wp\/v2\/media?parent=71"}],"wp:term":[{"taxonomy":"category","embeddable":true,"href":"https:\/\/ingenium.uclm.es\/index.php\/wp-json\/wp\/v2\/categories?post=71"},{"taxonomy":"post_tag","embeddable":true,"href":"https:\/\/ingenium.uclm.es\/index.php\/wp-json\/wp\/v2\/tags?post=71"}],"curies":[{"name":"wp","href":"https:\/\/api.w.org\/{rel}","templated":true}]}}