{"id":1072,"date":"2011-03-22T09:04:45","date_gmt":"2011-03-22T09:04:45","guid":{"rendered":"http:\/\/161.67.214.10\/wordpress\/2011\/03\/22\/conferencia-qinnovacion-en-la-gestionq-por-jose-ramon-aranda\/"},"modified":"2011-03-22T09:04:45","modified_gmt":"2011-03-22T09:04:45","slug":"conferencia-qinnovacion-en-la-gestionq-por-jose-ramon-aranda","status":"publish","type":"post","link":"https:\/\/ingenium.uclm.es\/index.php\/2011\/03\/22\/conferencia-qinnovacion-en-la-gestionq-por-jose-ramon-aranda\/","title":{"rendered":"Conferencia \u00abInnovaci\u00f3n en la Gesti\u00f3n\u00bb, por Jos\u00e9 Ram\u00f3n Aranda"},"content":{"rendered":"<p><strong>Confrencia sobre Innovaci\u00f3n en la Gesti\u00f3n<\/strong><\/p>\n<p>\u00bfQu\u00e9 garantiza el \u00e9xito de largo plazo de una empresa? El enfoque relativo a la excelencia operativa no parece dar una respuesta completa o definitiva a dicha pregunta. Sin embargo, la permanente <strong>innovaci\u00f3n en la gesti\u00f3n<\/strong>, en un amplio sentido de la palabra, entendida como el desarrollo de nuevas formas de movilizar el talento, acceder a recursos o formular estrategias parece integrar la visi\u00f3n antes expuesta e incorporar elementos din\u00e1micos que hacen de la gesti\u00f3n un proceso de reinvenci\u00f3n permanente, siendo dicho dinamismo el elemento esencial de este enfoque.<\/p>\n<p>La conferencia ha sido impartida por D. Jos\u00e9 Ram\u00f3n Garc\u00eda Aranda en la ETSI Industriales de Ciudad Real, consultor experto de Novototec y miembro externo de Ingenium Research Group, e invitado por <a title=\"P\u00e1gina web personal de Fausto Pedro Garc\u00eda M\u00e1rquez\" href=\"http:\/\/www.uclm.es\/profesorado\/fausto\" target=\"_blank\" rel=\"noopener noreferrer\">Fausto P. Garc\u00eda<\/a>.<\/p>\n<p><strong>Jos\u00e9 Ram\u00f3n Garc\u00eda Aranda<\/strong>. <strong>Rese\u00f1a Profesional<\/strong><\/p>\n<p>Formaci\u00f3n acad\u00e9mica<\/p>\n<ul>\n<li>Ingeniero Superior en Organizaci\u00f3n Industrial -Universidad de Vic (Barcelona)-<\/li>\n<li>Ingeniero T\u00e9cnico Industrial, Especialidad Electr\u00f3nica Industrial. -Universidad de Zaragoza-. Premio Extraordinario Fin de Carrera (Diagn\u00f3stico Integral de la gesti\u00f3n de una Organizaci\u00f3n a trav\u00e9s del Modelo Europeo de Excelencia Empresarial)<\/li>\n<\/ul>\n<p>Formaci\u00f3n de Postgrado<\/p>\n<ul>\n<li>Master en Administraci\u00f3n y Direcci\u00f3n de Empresas (Executive MBA) por ICADE -Instituto de Postgrado \/ Universidad Pontificia de Comillas-<\/li>\n<li>Diplomado en Alta Direcci\u00f3n de Empresas (PDD) por IESE Business School -Universidad de Navarra-<\/li>\n<li>Master en Direcci\u00f3n Estrat\u00e9gica y Gesti\u00f3n de la Innovaci\u00f3n &#8211; Instituto Universitario de Postgrado (Universidad Carlos III de Madrid, Universidad Aut\u00f3noma de Barcelona y Universidad de Alicante)-<\/li>\n<li>Master Universitario en Gesti\u00f3n de las Organizaciones (Programa de Doctorado en Econom\u00eda y Gesti\u00f3n de las Organizaciones) -Universidad de Zaragoza-<\/li>\n<li>Doctorando en Econom\u00eda -Universidad de Zaragoza-<\/li>\n<\/ul>\n<p>Experiencia acumulada de m\u00e1s de 15 a\u00f1os trabajando como asesor de proyectos de transformaci\u00f3n y mejora en empresas l\u00edderes de m\u00faltiples sectores, tanto en el \u00e1mbito p\u00fablico como en el privado. Actualmente desempe\u00f1a el cargo de Gerente de Estrategia de Novotec adem\u00e1s del de Responsable de la Unidad de Consultor\u00eda en Arag\u00f3n -Espa\u00f1a-. Posee una amplia experiencia como docente tanto a nivel nacional como internacional en universidades, instituciones p\u00fablicas y privadas, etc.<\/p>\n<p>Su primer contacto con los Modelos de Excelencia se da en 1996, a\u00f1o en el que form\u00f3 parte del Equipo Coordinador del Programa PRIMA (Programa de Innovaci\u00f3n y Mejora en Arag\u00f3n), proyecto de la administraci\u00f3n p\u00fablica local destinado a difundir los modelos de excelencia en la gesti\u00f3n. Su labor tiene al Modelo Europeo de Excelencia Empresarial como marco de gran parte de los proyectos de mejora que desarrolla. En la actualidad, es evaluador homologado de Premios a la Excelencia Empresarial en varias comunidades aut\u00f3nomas as\u00ed como evaluador oficial acreditado EFQM desde el 2003. Desde el 2007 pertenece al Club de Evaluadores del Club Excelencia en Gesti\u00f3n con el m\u00e1ximo nivel de acreditaci\u00f3n (Evaluador +500), habiendo participado en evaluaciones al Premio Europeo (en calidad de evaluador interno) y al Premio Iberoamericano (tanto en calidad de evaluador como coordinador).<\/p>\n","protected":false},"excerpt":{"rendered":"<p>Confrencia sobre Innovaci\u00f3n en la Gesti\u00f3n \u00bfQu\u00e9 garantiza el \u00e9xito de largo plazo de una empresa? El enfoque relativo a la excelencia operativa no parece dar una respuesta completa o definitiva a dicha pregunta. Sin embargo, la permanente innovaci\u00f3n en la gesti\u00f3n, en un amplio sentido de la palabra, entendida como el desarrollo de nuevas&hellip;<\/p>\n","protected":false},"author":1,"featured_media":0,"comment_status":"open","ping_status":"open","sticky":false,"template":"","format":"standard","meta":{"footnotes":""},"categories":[30],"tags":[58,85,86],"class_list":["post-1072","post","type-post","status-publish","format-standard","hentry","category-blog","tag-conferencia","tag-gestion","tag-innovacion"],"_links":{"self":[{"href":"https:\/\/ingenium.uclm.es\/index.php\/wp-json\/wp\/v2\/posts\/1072","targetHints":{"allow":["GET"]}}],"collection":[{"href":"https:\/\/ingenium.uclm.es\/index.php\/wp-json\/wp\/v2\/posts"}],"about":[{"href":"https:\/\/ingenium.uclm.es\/index.php\/wp-json\/wp\/v2\/types\/post"}],"author":[{"embeddable":true,"href":"https:\/\/ingenium.uclm.es\/index.php\/wp-json\/wp\/v2\/users\/1"}],"replies":[{"embeddable":true,"href":"https:\/\/ingenium.uclm.es\/index.php\/wp-json\/wp\/v2\/comments?post=1072"}],"version-history":[{"count":0,"href":"https:\/\/ingenium.uclm.es\/index.php\/wp-json\/wp\/v2\/posts\/1072\/revisions"}],"wp:attachment":[{"href":"https:\/\/ingenium.uclm.es\/index.php\/wp-json\/wp\/v2\/media?parent=1072"}],"wp:term":[{"taxonomy":"category","embeddable":true,"href":"https:\/\/ingenium.uclm.es\/index.php\/wp-json\/wp\/v2\/categories?post=1072"},{"taxonomy":"post_tag","embeddable":true,"href":"https:\/\/ingenium.uclm.es\/index.php\/wp-json\/wp\/v2\/tags?post=1072"}],"curies":[{"name":"wp","href":"https:\/\/api.w.org\/{rel}","templated":true}]}}